{"id":188,"date":"2024-12-06T11:50:41","date_gmt":"2024-12-06T11:50:41","guid":{"rendered":"https:\/\/andreoliveiracruz.pt\/?p=188"},"modified":"2024-12-06T14:48:15","modified_gmt":"2024-12-06T14:48:15","slug":"o-que-e-a-sindrome-do-tunel-carpico","status":"publish","type":"post","link":"https:\/\/andreoliveiracruz.pt\/?p=188","title":{"rendered":"O Que \u00e9 a S\u00edndrome do T\u00fanel C\u00e1rpico?"},"content":{"rendered":"\n<p>A&nbsp;<strong>s\u00edndrome do t\u00fanel c\u00e1rpico<\/strong>&nbsp;\u00e9 uma condi\u00e7\u00e3o que resulta da compress\u00e3o do nervo mediano, localizado na parte proximal do punho, junto aos ossos do carpo. O t\u00fanel c\u00e1rpico, assim denominado, desempenha um papel crucial ao permitir a passagem de tend\u00f5es, vasos sangu\u00edneos e do nervo mediano, respons\u00e1vel pela sensibilidade e for\u00e7a em algumas \u00e1reas da m\u00e3o.<\/p>\n\n\n\n<h3 class=\"wp-block-heading\">Como Funciona o T\u00fanel C\u00e1rpico?<\/h3>\n\n\n\n<p>Para entender a s\u00edndrome do t\u00fanel c\u00e1rpico, \u00e9 \u00fatil imaginar um t\u00fanel que transporta \u00e1gua. Se ocorrer um deslizamento de terra e o t\u00fanel ficar bloqueado, a \u00e1gua n\u00e3o conseguir\u00e1 passar. Da mesma forma, quando o canal do carpo \u00e9 reduzido, seja devido a inflama\u00e7\u00e3o ou a ocupa\u00e7\u00e3o de espa\u00e7o, o nervo mediano pode ficar comprimido. Esta compress\u00e3o impede a transmiss\u00e3o adequada de impulsos el\u00e9tricos, resultando em sintomas como dorm\u00eancia, formigamento ou at\u00e9 perda de for\u00e7a na m\u00e3o.<\/p>\n\n\n\n<h3 class=\"wp-block-heading\">Tratamentos para a S\u00edndrome do T\u00fanel C\u00e1rpico<\/h3>\n\n\n\n<p>A abordagem para tratar a s\u00edndrome do t\u00fanel c\u00e1rpico \u00e9 semelhante \u00e0 de um t\u00fanel rodovi\u00e1rio: \u00e9 necess\u00e1rio desbloquear o canal para que a via de transmiss\u00e3o esteja livre. A solu\u00e7\u00e3o mais comum \u00e9 a cirurgia, que envolve a abertura do t\u00fanel c\u00e1rpico para aliviar a press\u00e3o sobre o nervo mediano.<\/p>\n\n\n\n<h4 class=\"wp-block-heading\">Alternativas N\u00e3o Cir\u00fargicas<\/h4>\n\n\n\n<p>Existem tamb\u00e9m op\u00e7\u00f5es menos invasivas que utilizam agulhas. Uma abordagem tradicional \u00e9 a inje\u00e7\u00e3o de anti-inflamat\u00f3rios, como corticoides, que ajudam a reduzir a inflama\u00e7\u00e3o e o tamanho do nervo, aliviando assim o conflito de espa\u00e7o.<\/p>\n\n\n\n<p>Outra alternativa eficaz \u00e9 a&nbsp;hidrodistens\u00e3o, um procedimento que envolve a inje\u00e7\u00e3o de uma solu\u00e7\u00e3o salina no t\u00fanel c\u00e1rpico. Esta t\u00e9cnica permite aumentar o tamanho do canal e criar mais espa\u00e7o para o nervo mediano e os tend\u00f5es, melhorando a passagem de informa\u00e7\u00f5es.<\/p>\n\n\n\n<h3 class=\"wp-block-heading\">Conclus\u00e3o<\/h3>\n\n\n\n<p>A ci\u00eancia tem avan\u00e7ado na busca por tratamentos menos invasivos e com tempos de recupera\u00e7\u00e3o reduzidos. A s\u00edndrome do t\u00fanel c\u00e1rpico, embora possa causar desconforto, possui v\u00e1rias op\u00e7\u00f5es de tratamento que visam restaurar a qualidade de vida dos pacientes, permitindo-lhes desfrutar do seu dia a dia sem limita\u00e7\u00f5es.<\/p>\n\n\n\n<p><\/p>\n","protected":false},"excerpt":{"rendered":"<p>A&nbsp;s\u00edndrome do t\u00fanel c\u00e1rpico&nbsp;\u00e9 uma condi\u00e7\u00e3o que resulta da compress\u00e3o do nervo mediano, localizado na parte proximal do punho, junto aos ossos do carpo. O t\u00fanel<span class=\"excerpt-hellip\"> [\u2026]<\/span><\/p>\n","protected":false},"author":1,"featured_media":186,"comment_status":"closed","ping_status":"closed","sticky":false,"template":"","format":"standard","meta":{"footnotes":""},"categories":[8],"tags":[],"class_list":["post-188","post","type-post","status-publish","format-standard","has-post-thumbnail","hentry","category-dor"],"_links":{"self":[{"href":"https:\/\/andreoliveiracruz.pt\/index.php?rest_route=\/wp\/v2\/posts\/188","targetHints":{"allow":["GET"]}}],"collection":[{"href":"https:\/\/andreoliveiracruz.pt\/index.php?rest_route=\/wp\/v2\/posts"}],"about":[{"href":"https:\/\/andreoliveiracruz.pt\/index.php?rest_route=\/wp\/v2\/types\/post"}],"author":[{"embeddable":true,"href":"https:\/\/andreoliveiracruz.pt\/index.php?rest_route=\/wp\/v2\/users\/1"}],"replies":[{"embeddable":true,"href":"https:\/\/andreoliveiracruz.pt\/index.php?rest_route=%2Fwp%2Fv2%2Fcomments&post=188"}],"version-history":[{"count":2,"href":"https:\/\/andreoliveiracruz.pt\/index.php?rest_route=\/wp\/v2\/posts\/188\/revisions"}],"predecessor-version":[{"id":190,"href":"https:\/\/andreoliveiracruz.pt\/index.php?rest_route=\/wp\/v2\/posts\/188\/revisions\/190"}],"wp:featuredmedia":[{"embeddable":true,"href":"https:\/\/andreoliveiracruz.pt\/index.php?rest_route=\/wp\/v2\/media\/186"}],"wp:attachment":[{"href":"https:\/\/andreoliveiracruz.pt\/index.php?rest_route=%2Fwp%2Fv2%2Fmedia&parent=188"}],"wp:term":[{"taxonomy":"category","embeddable":true,"href":"https:\/\/andreoliveiracruz.pt\/index.php?rest_route=%2Fwp%2Fv2%2Fcategories&post=188"},{"taxonomy":"post_tag","embeddable":true,"href":"https:\/\/andreoliveiracruz.pt\/index.php?rest_route=%2Fwp%2Fv2%2Ftags&post=188"}],"curies":[{"name":"wp","href":"https:\/\/api.w.org\/{rel}","templated":true}]}}