{"id":1,"date":"2024-02-15T11:41:44","date_gmt":"2024-02-15T11:41:44","guid":{"rendered":"https:\/\/andreoliveiracruz.pt\/?p=1"},"modified":"2024-04-29T21:17:41","modified_gmt":"2024-04-29T21:17:41","slug":"alta-performance","status":"publish","type":"post","link":"https:\/\/andreoliveiracruz.pt\/?p=1","title":{"rendered":"Mesoterapia &#8211; what else?"},"content":{"rendered":"\n<p>H\u00e1 13 anos quando iniciei o meu Internato de Forma\u00e7\u00e3o Espec\u00edfica no Hospital de S\u00e3o Jos\u00e9 ouvi pela primeira vez falar de mesoterapia. Sim, mesmo tendo escolhido uma especialidade que eu conhecia e que gostava, nunca antes tinha ouvido esta palavra.<br>O meu Servi\u00e7o era fant\u00e1stico, ainda hoje sinto saudades, e para al\u00e9m de tudo o que faz\u00edamos ligado com a \u00e1rea da Fisiatria, t\u00ednhamos uma consulta de Mesoterapia onde todos os dias tratavamos at\u00e9 50 doentes. As pessoas chegavam todas muito cedo e aguardavam o tempo que fosse necess\u00e1rio porque segundo elas o tratamento fazia-lhes muito bem e era algo que n\u00e3o queriam perder. Alguns alugavam autocarros para virem em conjunto da Guarda ou de Elvas para Lisboa. E eu n\u00e3o entendia o porqu\u00ea. Um tratamento que parecia t\u00e3o simples poderia fazer assim tanta diferen\u00e7a? Anualmente organiz\u00e1vamos um Curso de Mesoterapia para 50 m\u00e9dicos &#8211; sempre esgotado &#8211; mas mesmo assim ainda hoje eu diria que a maioria das pessoas que estiver a ler este texto n\u00e3o sabe muito bem do que estou a falar.<br>Eu pr\u00f3prio durante muito tempo n\u00e3o entendia muito bem o peso deste tratamento. Creio que com os anos os testemunhos que vou recebendo me fizeram passar de s\u00e9tico a crente.<br>A informa\u00e7\u00e3o est\u00e1 cada vez mais acess\u00edvel a todos mas neste tema h\u00e1 ainda muito pouca informa\u00e7\u00e3o. A escassa bibliografia que se encontra dispon\u00edvel parece mostrar uma tend\u00eancia de melhoria em todas as doen\u00e7as, mas o que mais me deu no\u00e7\u00e3o do mais peso de \u201cevid\u00eancia\u201d deste tratamento foi a experi\u00eancia que tenho tido.<br>Ao longo dos anos fui-me dedicando cada vez mais a casos complexos que n\u00e3o tiveram solu\u00e7\u00e3o com outros tratamentos. Pacientes operados, submetidos a m\u00faltiplos tratamentos &#8211; Todos com dor, muita dor!<br>A dor \u00e9 uma sintoma de dif\u00edcil caracteriza\u00e7\u00e3o e de percep\u00e7\u00e3o muito dependente da pr\u00f3pria pessoa. Mas, como diziam os fundadores da consulta no Hospital de S\u00e3o Jos\u00e9, quando praticamente todos os doentes e em situa\u00e7\u00f5es muito complicadas dizem que sentem melhoria, alguma coisa o tratamento deve fazer.<br>E o que faz \u00e9 controlar a dor das pessoas, permitindo-lhes recuperar a qualidade de vida e ter uma vida que j\u00e1 n\u00e3o pensavam ser poss\u00edvel. Com mais ou menos necessidades de repetir os tratamentos, a Mesoterapia tem permitido \u00e0s pessoas deixar de ter dor. Parece algo muito simples, mas n\u00e3o \u00e9. Que o digam os gastos em Sa\u00fade relacionados com a dor e a sua identifica\u00e7\u00e3o como o 5 sintoma mais prevalente de todos.<br>\u00c9 frequente os doentes chegarem a minha consulta a informar que j\u00e1 tentaram tudo e nada resulta e que vivem com dor embriados de muitos analg\u00e9sicos que cumprem de forma mais ou menos regular porque tamb\u00e9m n\u00e3o lhe traz grande al\u00edvio.<br>Se temos um tratamento simples, com poucos riscos e f\u00e1cil de aplicar que \u00e9 amplamente eficaz na dor, porque n\u00e3o pensar num ciclo de tratamentos de Mesoterapia, what else?<\/p>\n","protected":false},"excerpt":{"rendered":"<p>H\u00e1 13 anos quando iniciei o meu Internato de Forma\u00e7\u00e3o Espec\u00edfica no Hospital de S\u00e3o Jos\u00e9 ouvi pela primeira vez falar de mesoterapia. Sim, mesmo tendo<span class=\"excerpt-hellip\"> [\u2026]<\/span><\/p>\n","protected":false},"author":1,"featured_media":150,"comment_status":"closed","ping_status":"closed","sticky":false,"template":"","format":"standard","meta":{"footnotes":""},"categories":[1],"tags":[],"class_list":["post-1","post","type-post","status-publish","format-standard","has-post-thumbnail","hentry","category-desporto"],"_links":{"self":[{"href":"https:\/\/andreoliveiracruz.pt\/index.php?rest_route=\/wp\/v2\/posts\/1","targetHints":{"allow":["GET"]}}],"collection":[{"href":"https:\/\/andreoliveiracruz.pt\/index.php?rest_route=\/wp\/v2\/posts"}],"about":[{"href":"https:\/\/andreoliveiracruz.pt\/index.php?rest_route=\/wp\/v2\/types\/post"}],"author":[{"embeddable":true,"href":"https:\/\/andreoliveiracruz.pt\/index.php?rest_route=\/wp\/v2\/users\/1"}],"replies":[{"embeddable":true,"href":"https:\/\/andreoliveiracruz.pt\/index.php?rest_route=%2Fwp%2Fv2%2Fcomments&post=1"}],"version-history":[{"count":2,"href":"https:\/\/andreoliveiracruz.pt\/index.php?rest_route=\/wp\/v2\/posts\/1\/revisions"}],"predecessor-version":[{"id":175,"href":"https:\/\/andreoliveiracruz.pt\/index.php?rest_route=\/wp\/v2\/posts\/1\/revisions\/175"}],"wp:featuredmedia":[{"embeddable":true,"href":"https:\/\/andreoliveiracruz.pt\/index.php?rest_route=\/wp\/v2\/media\/150"}],"wp:attachment":[{"href":"https:\/\/andreoliveiracruz.pt\/index.php?rest_route=%2Fwp%2Fv2%2Fmedia&parent=1"}],"wp:term":[{"taxonomy":"category","embeddable":true,"href":"https:\/\/andreoliveiracruz.pt\/index.php?rest_route=%2Fwp%2Fv2%2Fcategories&post=1"},{"taxonomy":"post_tag","embeddable":true,"href":"https:\/\/andreoliveiracruz.pt\/index.php?rest_route=%2Fwp%2Fv2%2Ftags&post=1"}],"curies":[{"name":"wp","href":"https:\/\/api.w.org\/{rel}","templated":true}]}}